{"id":364,"date":"2023-03-16T15:48:51","date_gmt":"2023-03-16T14:48:51","guid":{"rendered":"https:\/\/www.bkcooperation.be\/BKC\/?p=364"},"modified":"2023-03-16T15:50:50","modified_gmt":"2023-03-16T14:50:50","slug":"voyage-de-decouverte-en-2018-de-lisette","status":"publish","type":"post","link":"https:\/\/www.bkcooperation.be\/BKC\/index.php\/2023\/03\/16\/voyage-de-decouverte-en-2018-de-lisette\/","title":{"rendered":"Voyage de d\u00e9couverte en 2018 de Lisette"},"content":{"rendered":"<p><strong>Il faut le voir pour le croire<\/strong><\/p>\n<p>Je venais de dire \u00ab oui ! \u00bb, en r\u00e9ponse \u00e0 l\u2019invitation formul\u00e9e par Lucille Biesmans, secr\u00e9taire de BKC.<\/p>\n<p>Partir en Afrique\u2026 Partir en Afrique ? La vid\u00e9o que je venais de voir m\u2019a imm\u00e9diatement convaincue d\u2019oser le voyage.<\/p>\n<p>Aller voir l\u00e0-bas, ce qu\u2019il se passe, si loin de ma r\u00e9alit\u00e9. Ouvrir un espace dans ma vie pour conna\u00eetre un autre mode de vie. Partir d\u2019une bonne intention en me rendant utile dans la r\u00e9colte de divers mat\u00e9riels : m\u00e9dical, scolaire, vestimentaire, \u2026<\/p>\n<p>Concr\u00e9tiser un r\u00eave humain : me donner pour les autres, et devenir partenaire d\u2019un grand projet \u00ab humain \u00bb\u2026 \u00e0 toute petite \u00e9chelle d\u2019une ASBL, parmi tant d\u2019autres, qui, depuis 2009, s\u2019est mise \u00e0 l\u2019\u00e9coute des projets personnels et locaux, qu\u2019elle accompagne et soutient concr\u00e8tement par le micro-cr\u00e9dit.<\/p>\n<p>J\u2019ai vite \u00e9t\u00e9 rattrap\u00e9e par mes propres peurs : les maladies \u00e0 risques, quitter mes enfants, surtout je l\u2019avoue, quitter un certain confort \u00ab s\u00e9curisant \u00bb, sans compter le co\u00fbt du voyage.<\/p>\n<p>Ma devise \u00ab Une vie sans risque, c\u2019est pas une vie ! \u00bb allait une fois de plus \u00eatre moteur de ce nouveau projet.<\/p>\n<p>Int\u00e9rieurement ces moments de combats que j\u2019appelle \u00ab spirituels \u00bb sont bien souvent n\u00e9cessaires \u00e0 me mettre en mouvement, ils m\u2019aident \u00e0 sortir de moi-m\u00eame.<\/p>\n<p>Cet appel, Lucille l\u2019avait \u00e9nonc\u00e9 d\u2019abord aupr\u00e8s des jeunes \u00e9l\u00e8ves de notre \u00e9cole Saint Stanislas, dont elle est la Directrice. Sur base de leur lettre personnelle de motivation, elle a ainsi rassembl\u00e9 un groupe de 6 \u00e9l\u00e8ves qui seraient accompagn\u00e9s de 4 adultes : 2 enseignants, la pr\u00e9f\u00e8te et elle-m\u00eame.<\/p>\n<p>Une soir\u00e9e d\u2019information fut organis\u00e9e autour d\u2019une vid\u00e9o qui nous a permis de nous rendre compte de ce qui se fait l\u00e0-bas et de ce que nous allions vivre en partie durant ce voyage de collaboration avec les autochtones soutenus par l\u2019ASBL.<\/p>\n<p>Jour du d\u00e9part sous la neige et arriv\u00e9e de nuit sous un ciel \u00e9toil\u00e9 et une lune renvers\u00e9e.<br \/>\nAu premier r\u00e9veil, le soleil et une chaleur extraordinaire avoisinant le 38 degr\u00e9s.<br \/>\nLes premiers sons de ma petite guitare, d\u00e9saccord\u00e9e d\u2019un ton.<\/p>\n<p><strong>D\u00e9cid\u00e9ment, ici, tout est diff\u00e9rent.<\/strong><\/p>\n<p>Pas d\u2019asphalte bitume sur les routes mais de la terre rouge dont le vent se charge de soulever la poussi\u00e8re.<\/p>\n<p>Je suis allergique, une fois encore, ici je dormirai diff\u00e9remment, assise dans un fauteuil pr\u00eat\u00e9 aimablement par Michel, prot\u00e9g\u00e9e par la moustiquaire que C\u00e9lia et Micha\u00ebl, deux enseignants ont aimablement pr\u00e9par\u00e9e pour rendre mon sommeil le plus confortable et le plus s\u00e9curisant possible.<\/p>\n<p>Le premier jour, Jean-Baptiste nous a pr\u00e9sent\u00e9 les jeunes correspondants burkinab\u00e9s qui s\u2019\u00e9taient engag\u00e9s \u00e0 \u00eatre nos guides bienveillants. Des jeunes extraordinaires de gentillesse, de bienveillance \u00e0 notre \u00e9gard. Ils nous ont permis de d\u00e9couvrir la ville de Koudougou avec ses petits march\u00e9s locaux, comme le plus important sis au centre de la ville.<\/p>\n<p>En d\u00e9ambulant \u00e0 pieds, le long des rues anim\u00e9es par les commer\u00e7ants et les clients, nous \u00e9tions \u00e9bahis par la tranquillit\u00e9, le rythme lent de la vie, les \u2018N\u2019sara ! \u00bb (ce qui veut dire \u00ab Les Blancs \u00bb ; y compris pour moi qui suis quarteronne) cri\u00e9s par les enfants qui nous offraient leur sourire et leur envie de venir nous serrer la main, nous accompagnant un temps pour retourner ensuite aupr\u00e8s de leur maman ou de leurs occupations. De surprises en surprises, nous arrivons aux abords de quelques \u00e9coles, les \u00e9l\u00e8ves pourtant jeunes, sont seuls, livr\u00e9s \u00e0 eux-m\u00eames en attendant l\u2019arriv\u00e9e de leurs parents. Certains sont dans la cour et jouent ou chantent, d\u2019autres sont en classe, o\u00f9 ils s\u2019adonnent \u00e0 recopier calmement les derniers contenus de cours encore pr\u00e9sents au tableau. Une ambiance paisible, sereine et joyeuse.<\/p>\n<p>Pour nous faire plaisir, Les enfant se rassemblent et nous chantent leur hymne national, chant\u00e9 chaque matin, au lever du drapeaux.<\/p>\n<p>Respect.<\/p>\n<p>Et pourtant, partout, jonchent des sacs de plastiques tr\u00e8s color\u00e9s, eux aussi. Les d\u00e9chets sont partout. Quelle folie ! Rien n\u2019est mis en place par le gouvernement pour pr\u00e9server la propret\u00e9 des lieux.<\/p>\n<p>J\u2019ai eu l\u2019occasion d\u2019aborder le sujet avec Jean-Baptiste et Daniel de l\u2019Association Pya Sulu des Jeunes de Nedialpoun tr\u00e8s sensibles \u00e0 cette dramatique situation. Daniel m\u2019a r\u00e9cemment envoy\u00e9 les photos de la dynamique qu\u2019ils ont mise en place en visitant les \u00e9coles dans le but de sensibiliser et d\u2019\u00e9duquer les jeunes \u00e0 la propret\u00e9 dans leur lieu d\u2019apprentissage. L\u2019id\u00e9e d\u2019organiser une battle entre les \u00e9coles pour r\u00e9compenser celle qui aura \u00e9t\u00e9 la plus m\u00e9ritante dans le respect de l\u2019environnement est n\u00e9e de nos palabres, la nuit sous les \u00e9toiles, autour de la table qui nous rassemblait une derni\u00e8re fois avant notre d\u00e9part.<\/p>\n<p>Un exemple parmi tant d\u2019autres de ce que nous pouvons nous apporter mutuellement car, en Belgique, pays de luxe, avec des poubelles color\u00e9es, plac\u00e9es un peu partout, nous connaissons les m\u00eames difficult\u00e9s de respect de l\u2019environnement. Ce n\u2019est donc pas avec un orgueil mal plac\u00e9 que j\u2019ai pu parler de ce sujet avec les responsables de l\u2019ASBL APJN mais en \u00e9changeant nos r\u00e9alit\u00e9s, en \u00e9tant \u00e0 l\u2019\u00e9coute les uns des autres.<\/p>\n<p>Ce qu\u2019ils m\u2019on permis de d\u00e9couvrir, c\u2019est que l\u00e0-bas, on ne baigne pas dans l\u2019affliction, avec des \u00ab on n\u2019a qu\u2019\u00e0 \u00bb, \u00ab il faudrait \u00bb, \u00ab comme c\u2019est triste \u00bb, \u2026 de la r\u00e9signation.<\/p>\n<p>Non. L\u2019\u00e9nergie est utilis\u00e9e \u00e0 faire ce que l\u2019on doit et ce que l\u2019on peut en fonction de ce qui nous d\u00e9passe et ce sur quoi on n\u2019a pas prise.<\/p>\n<p>C\u2019est tellement vrai. Mais il fallait le voir pour le croire\u2026 et en vivre ici, depuis le retour au pays.<\/p>\n<p>Le soleil r\u00e8gne en ma\u00eetre avec la s\u00e9cheresse. La pluie, quand elle vient, n\u2019est pas toujours une \u00ab amie \u00bb, trop d\u2019eau d\u00e9truit aussi la flore, en d\u00e9racinant les arbres, en d\u00e9pla\u00e7ant les terres\u2026 sans compter le fl\u00e9au des moustiques et le lot des malades qui en subissent les effets graves voire mortels.<\/p>\n<p>Je repense \u00e0 Philippe qui nous a si bien re\u00e7u au sein de sa famille, dans la brousse. Il nous a montr\u00e9 son potager, immense, propre, travaill\u00e9 m\u00e9ticuleusement chaque jour par petites parcelles carr\u00e9es, d\u2019oignons, d\u2019oseille, \u2026 nous avons vu les puits creus\u00e9s de mains d\u2019hommes, qui trop vite s\u2019affaissent malheureusement. Nous avons vu les puits offerts par BKC, cercl\u00e9s de b\u00e9tons, assurant une p\u00e9rennit\u00e9 au travail quotidien des cultivateurs d\u00e9pendant d\u2019un acc\u00e8s \u00e0 l\u2019eau.<\/p>\n<p>J\u2019ai pour lui une grande admiration. Il est habit\u00e9 d\u2019une paix tranquille, d\u2019une force int\u00e9rieure qui repose sur sa foi et sur les devoirs qui lui incombent, auxquels il r\u00e9pond chaque jour fid\u00e8lement en toute humilit\u00e9.<\/p>\n<p>Il y a de la joie l\u00e0-bas qu\u2019on ne conna\u00eet pas ou plus ici. C\u2019est \u00e0 pleurer.<\/p>\n<p>Il y a de l\u2019\u00e9merveillement l\u00e0-bas qu\u2019il est si difficile de ressentir ici o\u00f9 pourtant, il me semble que nous avons tout ! Nos prisons sont verrouill\u00e9es de d\u00e9sirs et de besoins incessants, inassouvis, loin, si loin de l\u2019essentiel, du r\u00e9el, du bien commun quand tout ne se ram\u00e8ne qu\u2019\u00e0 l\u2019ego.<\/p>\n<p>L\u00e0-bas, ils vivent de notre devise belge \u00ab L\u2019union fait la force ! \u00bb<\/p>\n<p>Je l\u2019ai vu au Mont Sandi\u00e9\u2026 quand les femmes, gravissent comme des gazelles le flanc d\u2019un versant de la vall\u00e9e pour y prendre des morceaux lourds de roches pos\u00e9s sur leur t\u00eate et les descendent. Ensuite ce sont les hommes qui, ensembles les enferment en amas solides, \u00e0 l\u2019aide de fil de fer. C\u2019est ainsi qu\u2019ils pr\u00e9parent l\u2019arriv\u00e9e prochaine de la pluie, des torrents d\u2019eau qui emporteront des amas de terres qui finiront leur course dans ses blocs des roches.<\/p>\n<p>La f\u00eate est l\u00e0 dans le combat de tous les jours dans le quotidien, dans la rencontre avec l\u2019autre. Ce fut le cas chez Michel et son \u00e9pouse Agn\u00e8s qui nous ont accueillis en nous offrant un festin de roi. Alors que nous \u00e9tions g\u00e2t\u00e9s, Michel a pris la parole pour nous remercier de les honorer de notre pr\u00e9sence. J\u2019en avais les larmes aux yeux car c\u2019est nous qui \u00e9tions honor\u00e9s de l\u2019accueil qu\u2019ils nous offraient de l\u2019extr\u00eame bont\u00e9 avec laquelle ils se sont souci\u00e9s de nous, de notre bien \u00eatre, de notre confort, tout au long de notre s\u00e9jour.<\/p>\n<p>Comme \u00e0 l\u2019orphelinat o\u00f9 nous avons approch\u00e9 la r\u00e9alit\u00e9 des enfants qui sont admirables de courage, de respect vis-\u00e0-vis des adultes qui les encadrent jours et nuits ; en dehors des moments o\u00f9 ils peuvent rejoindre des membres de leur familles durant les cong\u00e9s.<\/p>\n<p>Ils sont appliqu\u00e9s en classe et vivent avec la volont\u00e9 de rendre leur quotidien le plus agr\u00e9able possible.<\/p>\n<p>Il y a tant d\u2019autres moments merveilleux que j\u2019aimerais relater car ils font tellement partie de moi \u00e0 pr\u00e9sent. Cet AKUNA MATATA j\u2019en vis le plus possible depuis on retour au pays, dans ma r\u00e9alit\u00e9 quotidienne. Bien des soucis de vie qui m\u2019\u00e9crasaient ont trouv\u00e9 une nouvelle place, bien secondaire. Mes luttes ne sont plus les m\u00eames. Cette s\u00e9r\u00e9nit\u00e9 acquise en fr\u00e9quentant les partenaires de BKC, je la cultive \u00e0 l\u2019exemple de Philippe. L\u2019envie de donner le meilleur de moi-m\u00eame, je veux en vivre \u00e0 la suite de Michel qui fut un v\u00e9ritable Archange pour nous depuis notre arriv\u00e9e \u00e0 l\u2019a\u00e9roport, et chaque jour et nuit \u00e0 bord du pick-up rouge de l\u2019ASBL, durant notre safari dans le parc de Nazinga, jusqu\u2019au dernier moment o\u00f9 nous l\u2019avons vu de loin, rentrer chez lui apr\u00e8s avoir tout donn\u00e9 pour nous conduire en toute s\u00e9curit\u00e9 aux abords de l\u2019a\u00e9roport pour notre retour.<\/p>\n<p>Pour moi, \u00ab Je suis venue, j\u2019ai vu et j\u2019ai \u00e9t\u00e9 convaincue.\u00bb<\/p>\n<p>Apr\u00e8s les exp\u00e9riences v\u00e9cues, les \u00e9changes de mails actuels se confirme pour moi, le projet personnel d\u2019aller au-del\u00e0 du r\u00eave d\u2019aller voir l\u00e0-bas\u2026<\/p>\n<p>A pr\u00e9sent, avec tout l\u2019enthousiasme qui fait partie de moi, j\u2019envisage un avenir dans lequel je pourrai trouver ma place aupr\u00e8s de ces nouveaux partenaires avec lesquels une collaboration est n\u00e9e sur place, remettant dans ma vie certaines choses \u00e0 leur juste place, r\u00e9jouie qu\u2019en mon c\u0153ur ils aient d\u00e9j\u00e0 trouv\u00e9 \u00e0 se faire une place au soleil.<\/p>\n<p>Lisette Cassalaco<\/p>\n<p><img loading=\"lazy\" decoding=\"async\" src=\"https:\/\/www.bkcooperation.be\/BKC\/wp-content\/uploads\/2023\/03\/DSC_0420.jpg\" alt=\"\" width=\"800\" height=\"534\" class=\"alignnone size-full wp-image-365\" srcset=\"https:\/\/www.bkcooperation.be\/BKC\/wp-content\/uploads\/2023\/03\/DSC_0420.jpg 800w, https:\/\/www.bkcooperation.be\/BKC\/wp-content\/uploads\/2023\/03\/DSC_0420-300x200.jpg 300w, https:\/\/www.bkcooperation.be\/BKC\/wp-content\/uploads\/2023\/03\/DSC_0420-768x513.jpg 768w, https:\/\/www.bkcooperation.be\/BKC\/wp-content\/uploads\/2023\/03\/DSC_0420-90x60.jpg 90w, https:\/\/www.bkcooperation.be\/BKC\/wp-content\/uploads\/2023\/03\/DSC_0420-420x280.jpg 420w\" sizes=\"auto, (max-width: 800px) 100vw, 800px\" \/><\/p>\n<p><img loading=\"lazy\" decoding=\"async\" src=\"https:\/\/www.bkcooperation.be\/BKC\/wp-content\/uploads\/2023\/03\/DSC_0261.jpg\" alt=\"\" width=\"800\" height=\"534\" class=\"alignnone size-full wp-image-366\" srcset=\"https:\/\/www.bkcooperation.be\/BKC\/wp-content\/uploads\/2023\/03\/DSC_0261.jpg 800w, https:\/\/www.bkcooperation.be\/BKC\/wp-content\/uploads\/2023\/03\/DSC_0261-300x200.jpg 300w, https:\/\/www.bkcooperation.be\/BKC\/wp-content\/uploads\/2023\/03\/DSC_0261-768x513.jpg 768w, https:\/\/www.bkcooperation.be\/BKC\/wp-content\/uploads\/2023\/03\/DSC_0261-90x60.jpg 90w, https:\/\/www.bkcooperation.be\/BKC\/wp-content\/uploads\/2023\/03\/DSC_0261-420x280.jpg 420w\" sizes=\"auto, (max-width: 800px) 100vw, 800px\" \/><\/p>\n<p><img loading=\"lazy\" decoding=\"async\" src=\"https:\/\/www.bkcooperation.be\/BKC\/wp-content\/uploads\/2023\/03\/DSC_0021.jpg\" alt=\"\" width=\"800\" height=\"534\" class=\"alignnone size-full wp-image-367\" srcset=\"https:\/\/www.bkcooperation.be\/BKC\/wp-content\/uploads\/2023\/03\/DSC_0021.jpg 800w, https:\/\/www.bkcooperation.be\/BKC\/wp-content\/uploads\/2023\/03\/DSC_0021-300x200.jpg 300w, https:\/\/www.bkcooperation.be\/BKC\/wp-content\/uploads\/2023\/03\/DSC_0021-768x513.jpg 768w, https:\/\/www.bkcooperation.be\/BKC\/wp-content\/uploads\/2023\/03\/DSC_0021-90x60.jpg 90w, https:\/\/www.bkcooperation.be\/BKC\/wp-content\/uploads\/2023\/03\/DSC_0021-420x280.jpg 420w\" sizes=\"auto, (max-width: 800px) 100vw, 800px\" \/><\/p>\n","protected":false},"excerpt":{"rendered":"<p>Il faut le voir pour le croire Je venais de dire \u00ab oui ! \u00bb, en r\u00e9ponse \u00e0 l\u2019invitation formul\u00e9e par Lucille Biesmans, secr\u00e9taire de &hellip; <\/p>\n","protected":false},"author":1,"featured_media":366,"comment_status":"open","ping_status":"open","sticky":false,"template":"","format":"standard","meta":{"footnotes":""},"categories":[39],"tags":[],"class_list":["post-364","post","type-post","status-publish","format-standard","has-post-thumbnail","hentry","category-nos-voyages"],"_links":{"self":[{"href":"https:\/\/www.bkcooperation.be\/BKC\/index.php\/wp-json\/wp\/v2\/posts\/364","targetHints":{"allow":["GET"]}}],"collection":[{"href":"https:\/\/www.bkcooperation.be\/BKC\/index.php\/wp-json\/wp\/v2\/posts"}],"about":[{"href":"https:\/\/www.bkcooperation.be\/BKC\/index.php\/wp-json\/wp\/v2\/types\/post"}],"author":[{"embeddable":true,"href":"https:\/\/www.bkcooperation.be\/BKC\/index.php\/wp-json\/wp\/v2\/users\/1"}],"replies":[{"embeddable":true,"href":"https:\/\/www.bkcooperation.be\/BKC\/index.php\/wp-json\/wp\/v2\/comments?post=364"}],"version-history":[{"count":1,"href":"https:\/\/www.bkcooperation.be\/BKC\/index.php\/wp-json\/wp\/v2\/posts\/364\/revisions"}],"predecessor-version":[{"id":368,"href":"https:\/\/www.bkcooperation.be\/BKC\/index.php\/wp-json\/wp\/v2\/posts\/364\/revisions\/368"}],"wp:featuredmedia":[{"embeddable":true,"href":"https:\/\/www.bkcooperation.be\/BKC\/index.php\/wp-json\/wp\/v2\/media\/366"}],"wp:attachment":[{"href":"https:\/\/www.bkcooperation.be\/BKC\/index.php\/wp-json\/wp\/v2\/media?parent=364"}],"wp:term":[{"taxonomy":"category","embeddable":true,"href":"https:\/\/www.bkcooperation.be\/BKC\/index.php\/wp-json\/wp\/v2\/categories?post=364"},{"taxonomy":"post_tag","embeddable":true,"href":"https:\/\/www.bkcooperation.be\/BKC\/index.php\/wp-json\/wp\/v2\/tags?post=364"}],"curies":[{"name":"wp","href":"https:\/\/api.w.org\/{rel}","templated":true}]}}