{"id":284,"date":"2023-03-16T14:52:19","date_gmt":"2023-03-16T13:52:19","guid":{"rendered":"https:\/\/www.bkcooperation.be\/BKC\/?p=284"},"modified":"2023-03-16T15:24:31","modified_gmt":"2023-03-16T14:24:31","slug":"voyage-de-decouverte-en-2009-de-nora-urriagli","status":"publish","type":"post","link":"https:\/\/www.bkcooperation.be\/BKC\/index.php\/2023\/03\/16\/voyage-de-decouverte-en-2009-de-nora-urriagli\/","title":{"rendered":"Voyage de d\u00e9couverte en 2009 de Nora Urriagli"},"content":{"rendered":" \r\n<p>Le 18 d\u00e9cembre 2009, nous partons vers Koudougou accompagn\u00e9s de quatre \u00e9l\u00e8ves de l\u2019Institut Ste-Ursule \u00e0 Forest. Voici le compte-rendu de notre voyage par Nora: \r\n<br \/>\r\n<br \/>\r\nOn m\u2019a demand\u00e9 de vous relater notre aventure au Burkina Faso dans le cadre du voyage organis\u00e9 par l\u2019asbl Belgique Koudougou Coop\u00e9ration, cr\u00e9\u00e9e suite \u00e0 l\u2019impulsion d\u2019\u00e9l\u00e8ves qui voulaient \u00ab faire quelque chose pour eux\u2026 \u00bb et repr\u00e9sent\u00e9e au sein de notre \u00e9cole par Mme Biesmans, M. Van den Abbeel et M. M\u00e9lotte.  Et bien je ne le ferai pas ! <strong>Je n\u2019ai pas envie de simplement relater, mais de vous faire ressentir!<\/strong> Je voudrais vous faire voyager au-del\u00e0 des st\u00e9r\u00e9otypes, l\u00e0 o\u00f9 se rencontrent l&rsquo;espoir et le d\u00e9sespoir.\r\n<br \/>\r\n<br \/>\r\nC&rsquo;est avec l&rsquo;estomac nou\u00e9 que je me mets en route pour le Burkina Faso. Je ne sais toujours pas si c&rsquo;est le froid piquant de d\u00e9cembre qui me donne une sensation de br\u00fblure, ou la peur de l\u2019inconnu qui me paralyse\u2026 mais je partais \u00e0 la d\u00e9couverte de l&rsquo;inconnu!\r\n<br \/>\r\n<br \/>\r\nJe n&rsquo;avais jamais pris l&rsquo;avion, je n&rsquo;avais jamais voyag\u00e9 aussi loin, et j&rsquo;\u00e9tais comme toutes ces personnes qui ne connaissent le monde qu&rsquo;\u00e0 travers l&rsquo;\u0153il magique de la t\u00e9l\u00e9vision! Je n&rsquo;attendais qu&rsquo;une seule chose depuis toutes ces ann\u00e9es, enfin voir de mes propres yeux, les vraies couleurs de ces terres assoiff\u00e9es, dont la poussi\u00e8re rouge vous enveloppe, comme en guise de bienvenue.\r\n<br \/>\r\n<br \/>\r\n\r\n<img loading=\"lazy\" decoding=\"async\" src=\"https:\/\/www.bkcooperation.be\/BKC\/wp-content\/uploads\/2023\/03\/shapeimage_3.png\" alt=\"\" width=\"257\" height=\"257\" class=\"alignnone size-full wp-image-288\" srcset=\"https:\/\/www.bkcooperation.be\/BKC\/wp-content\/uploads\/2023\/03\/shapeimage_3.png 257w, https:\/\/www.bkcooperation.be\/BKC\/wp-content\/uploads\/2023\/03\/shapeimage_3-150x150.png 150w, https:\/\/www.bkcooperation.be\/BKC\/wp-content\/uploads\/2023\/03\/shapeimage_3-60x60.png 60w\" sizes=\"auto, (max-width: 257px) 100vw, 257px\" \/>  <img loading=\"lazy\" decoding=\"async\" src=\"https:\/\/www.bkcooperation.be\/BKC\/wp-content\/uploads\/2023\/03\/shapeimage_6.png\" alt=\"\" width=\"266\" height=\"215\" class=\"alignnone size-full wp-image-291\" srcset=\"https:\/\/www.bkcooperation.be\/BKC\/wp-content\/uploads\/2023\/03\/shapeimage_6.png 266w, https:\/\/www.bkcooperation.be\/BKC\/wp-content\/uploads\/2023\/03\/shapeimage_6-74x60.png 74w\" sizes=\"auto, (max-width: 266px) 100vw, 266px\" \/>  <img loading=\"lazy\" decoding=\"async\" src=\"https:\/\/www.bkcooperation.be\/BKC\/wp-content\/uploads\/2023\/03\/shapeimage_5.png\" alt=\"\" width=\"223\" height=\"251\" class=\"alignnone size-full wp-image-290\" srcset=\"https:\/\/www.bkcooperation.be\/BKC\/wp-content\/uploads\/2023\/03\/shapeimage_5.png 223w, https:\/\/www.bkcooperation.be\/BKC\/wp-content\/uploads\/2023\/03\/shapeimage_5-53x60.png 53w\" sizes=\"auto, (max-width: 223px) 100vw, 223px\" \/>\r\n\r\n<br \/>\r\n<br \/>\r\n\r\n<p>\r\n<p> Arriv\u00e9e au Burkina Faso, la premi\u00e8re chose que je vis, f\u00fbt le soleil levant. C\u2019\u00e9tait d\u00e9j\u00e0 comme un message d\u2019espoir aux couleurs chaudes qui me donnaient l&rsquo;impression d\u2019\u00eatre dans un tableau vivant d&rsquo;une grande beaut\u00e9.  Nous nous sommes rapidement dirig\u00e9s vers Koudougou lieu de toutes nos rencontres\u2026 Ouagadougou, la capitale suffocante occidentalis\u00e9e et surpeupl\u00e9e nous donnait une impression d\u2019anarchie et ne nous permettait pas de voir le vrai visage du pays. Il nous fallait donc la fuir au plus vite.\r\n \r\n<p> Nous avons tout au long du s\u00e9jour qui suivit explor\u00e9 divers endroits allant du mis\u00e9rable dispensaire d\u00e9muni, d\u00e9sesp\u00e9r\u00e9 mais dynamique, \u00e0 la brousse pliant sous une s\u00e9cheresse trop s\u00e9v\u00e8re et une nature bien peu g\u00e9n\u00e9reuse avec les Hommes. <strong>C&rsquo;est d&rsquo;ailleurs ce moment de vie au contact des villageois que j&rsquo;ai pr\u00e9f\u00e9r\u00e9.<\/strong> Nous f\u00fbmes dispers\u00e9s dans des familles par petits groupes de deux. \r\n<br \/>\r\n<br \/> \r\nAlicia et moi sommes all\u00e9es vivre avec Larissa, cette fille qui fait la fiert\u00e9 du village, car \u00e9tant la seule \u00e0 pouvoir faire des \u00e9tudes gr\u00e2ce aux sacrifices de ses parents\u2026 Dans ce village de N\u00e9dialpoun je tentai d\u2019entrer en communion, d&rsquo;\u00eatre une burkinab\u00e9, d&rsquo;apprendre et de m&rsquo;enrichir humainement, d&rsquo;accepter tout simplement le savoir d&rsquo;autrui qui \u00e0 d\u00e9faut d&rsquo;\u00eatre diff\u00e9rent n&rsquo;en est pas moins riche.\r\nJe fus surnomm\u00e9e en mossi \u201cla brousse\u201d, car tout comme elle, selon les villageois, les plus belles choses se trouvent \u00e0 l\u2019int\u00e9rieur et ne peuvent se voir que si l&rsquo;on prend le temps de la conna\u00eetre.  C\u2019\u00e9tait flatteur mais peut-\u00eatre riait-on simplement de ma coiffure\u2026 ! <!-- \/wp:post-content -->\r\n \r\n<p><!-- wp:paragraph --> \r\n<p> Je pourrais vous raconter tellement d\u2019anecdotes\u2026  De notre voyage \u00e0 la r\u00e9serve de Boromo et de ma d\u00e9ception de ne pas avoir r\u00e9ussi \u00e0 voir d\u2019\u00e9l\u00e9phant, des \u00e9coles avec 70 \u00e9l\u00e8ves par classe, o\u00f9 un silence religieux r\u00e9gnait ou encore des projets de micro cr\u00e9dits. C\u2019est dans ceux-ci que l\u2019a.s.b.l. investit l\u2019argent des op\u00e9rations \u00ab roses de l\u2019amiti\u00e9 \u00bb ces derni\u00e8res ann\u00e9es. Et ici l&rsquo;avenir me semble tr\u00e8s prometteur car en permettant \u00e0 des personnes de construire des projets d\u2019avenir et d&rsquo;enfin trouver leur ind\u00e9pendance quel plus beau cadeau pourrions-nous leur offrir ? <!-- \/wp:paragraph -->\r\n\r\n<p><!-- wp:paragraph --> \r\n<p>Aujourd&rsquo;hui je ne suis plus la m\u00eame, je sais que malgr\u00e9 cette mis\u00e8re, il y a cet espoir qui leur permet de se lever tous les jours et de sourire \u00e0 la vie.  Alors \u00e0 tous ceux qui liront cet article, je demanderai de ne pas ressentir de la piti\u00e9!!  La piti\u00e9 ne fait que renforcer l&rsquo;id\u00e9e que l\u2019on se fait selon laquelle nous leurs sommes sup\u00e9rieurs.  Dor\u00e9navant, ouvrons-nous \u00e0 la compassion, \u00e0 la solidarit\u00e9, au partage, \u00e0 l&rsquo;amiti\u00e9, \u00e0 l&rsquo;humilit\u00e9 et \u00e0 la gratitude, . . .\r\n<strong>Rendons-nous compte de notre chance<\/strong>, et agissons afin d&rsquo;\u00eatre des acteurs dans la construction d&rsquo;un monde futur bas\u00e9 sur le respect, la solidarit\u00e9 et la justice. <!-- \/wp:paragraph -->\r\n<br \/>\r\n<br \/> \r\n\r\nNora Urriagli\r\n<br \/>\r\n<br \/> \r\n\r\n<img loading=\"lazy\" decoding=\"async\" src=\"https:\/\/www.bkcooperation.be\/BKC\/wp-content\/uploads\/2023\/03\/shapeimage_2.png\" alt=\"\" width=\"143\" height=\"183\" class=\"alignnone size-full wp-image-285\" srcset=\"https:\/\/www.bkcooperation.be\/BKC\/wp-content\/uploads\/2023\/03\/shapeimage_2.png 143w, https:\/\/www.bkcooperation.be\/BKC\/wp-content\/uploads\/2023\/03\/shapeimage_2-47x60.png 47w\" sizes=\"auto, (max-width: 143px) 100vw, 143px\" \/>\r\n<br \/>\r\n<br \/>\r\n\r\n<img loading=\"lazy\" decoding=\"async\" src=\"https:\/\/www.bkcooperation.be\/BKC\/wp-content\/uploads\/2023\/03\/BURKINA-FASO-EN-COMPAGNIE-DE-LISA-132.jpg\" alt=\"\" width=\"800\" height=\"600\" class=\"alignnone size-full wp-image-346\" srcset=\"https:\/\/www.bkcooperation.be\/BKC\/wp-content\/uploads\/2023\/03\/BURKINA-FASO-EN-COMPAGNIE-DE-LISA-132.jpg 800w, https:\/\/www.bkcooperation.be\/BKC\/wp-content\/uploads\/2023\/03\/BURKINA-FASO-EN-COMPAGNIE-DE-LISA-132-300x225.jpg 300w, https:\/\/www.bkcooperation.be\/BKC\/wp-content\/uploads\/2023\/03\/BURKINA-FASO-EN-COMPAGNIE-DE-LISA-132-768x576.jpg 768w, https:\/\/www.bkcooperation.be\/BKC\/wp-content\/uploads\/2023\/03\/BURKINA-FASO-EN-COMPAGNIE-DE-LISA-132-80x60.jpg 80w\" sizes=\"auto, (max-width: 800px) 100vw, 800px\" \/>\r\n\r\n<img loading=\"lazy\" decoding=\"async\" src=\"https:\/\/www.bkcooperation.be\/BKC\/wp-content\/uploads\/2023\/03\/DSCN2124.jpg\" alt=\"\" width=\"800\" height=\"600\" class=\"alignnone size-full wp-image-347\" srcset=\"https:\/\/www.bkcooperation.be\/BKC\/wp-content\/uploads\/2023\/03\/DSCN2124.jpg 800w, https:\/\/www.bkcooperation.be\/BKC\/wp-content\/uploads\/2023\/03\/DSCN2124-300x225.jpg 300w, https:\/\/www.bkcooperation.be\/BKC\/wp-content\/uploads\/2023\/03\/DSCN2124-768x576.jpg 768w, https:\/\/www.bkcooperation.be\/BKC\/wp-content\/uploads\/2023\/03\/DSCN2124-80x60.jpg 80w\" sizes=\"auto, (max-width: 800px) 100vw, 800px\" \/>\r\n\r\n<img loading=\"lazy\" decoding=\"async\" src=\"https:\/\/www.bkcooperation.be\/BKC\/wp-content\/uploads\/2023\/03\/BURKINA-FASO-EN-COMPAGNIE-DE-LISA-052-1.jpg\" alt=\"\" width=\"800\" height=\"600\" class=\"alignnone size-full wp-image-348\" srcset=\"https:\/\/www.bkcooperation.be\/BKC\/wp-content\/uploads\/2023\/03\/BURKINA-FASO-EN-COMPAGNIE-DE-LISA-052-1.jpg 800w, https:\/\/www.bkcooperation.be\/BKC\/wp-content\/uploads\/2023\/03\/BURKINA-FASO-EN-COMPAGNIE-DE-LISA-052-1-300x225.jpg 300w, https:\/\/www.bkcooperation.be\/BKC\/wp-content\/uploads\/2023\/03\/BURKINA-FASO-EN-COMPAGNIE-DE-LISA-052-1-768x576.jpg 768w, https:\/\/www.bkcooperation.be\/BKC\/wp-content\/uploads\/2023\/03\/BURKINA-FASO-EN-COMPAGNIE-DE-LISA-052-1-80x60.jpg 80w\" sizes=\"auto, (max-width: 800px) 100vw, 800px\" \/>","protected":false},"excerpt":{"rendered":"<p>Le 18 d\u00e9cembre 2009, nous partons vers Koudougou accompagn\u00e9s de quatre \u00e9l\u00e8ves de l\u2019Institut Ste-Ursule \u00e0 Forest. Voici le compte-rendu de notre voyage par Nora: &hellip; <\/p>\n","protected":false},"author":1,"featured_media":290,"comment_status":"open","ping_status":"open","sticky":false,"template":"","format":"standard","meta":{"footnotes":""},"categories":[39],"tags":[],"class_list":["post-284","post","type-post","status-publish","format-standard","has-post-thumbnail","hentry","category-nos-voyages"],"_links":{"self":[{"href":"https:\/\/www.bkcooperation.be\/BKC\/index.php\/wp-json\/wp\/v2\/posts\/284","targetHints":{"allow":["GET"]}}],"collection":[{"href":"https:\/\/www.bkcooperation.be\/BKC\/index.php\/wp-json\/wp\/v2\/posts"}],"about":[{"href":"https:\/\/www.bkcooperation.be\/BKC\/index.php\/wp-json\/wp\/v2\/types\/post"}],"author":[{"embeddable":true,"href":"https:\/\/www.bkcooperation.be\/BKC\/index.php\/wp-json\/wp\/v2\/users\/1"}],"replies":[{"embeddable":true,"href":"https:\/\/www.bkcooperation.be\/BKC\/index.php\/wp-json\/wp\/v2\/comments?post=284"}],"version-history":[{"count":28,"href":"https:\/\/www.bkcooperation.be\/BKC\/index.php\/wp-json\/wp\/v2\/posts\/284\/revisions"}],"predecessor-version":[{"id":349,"href":"https:\/\/www.bkcooperation.be\/BKC\/index.php\/wp-json\/wp\/v2\/posts\/284\/revisions\/349"}],"wp:featuredmedia":[{"embeddable":true,"href":"https:\/\/www.bkcooperation.be\/BKC\/index.php\/wp-json\/wp\/v2\/media\/290"}],"wp:attachment":[{"href":"https:\/\/www.bkcooperation.be\/BKC\/index.php\/wp-json\/wp\/v2\/media?parent=284"}],"wp:term":[{"taxonomy":"category","embeddable":true,"href":"https:\/\/www.bkcooperation.be\/BKC\/index.php\/wp-json\/wp\/v2\/categories?post=284"},{"taxonomy":"post_tag","embeddable":true,"href":"https:\/\/www.bkcooperation.be\/BKC\/index.php\/wp-json\/wp\/v2\/tags?post=284"}],"curies":[{"name":"wp","href":"https:\/\/api.w.org\/{rel}","templated":true}]}}